{"id":12574,"date":"2021-08-30T18:08:20","date_gmt":"2021-08-30T16:08:20","guid":{"rendered":"https:\/\/ulisesyargos.es\/?p=12574"},"modified":"2024-05-13T20:30:19","modified_gmt":"2024-05-13T18:30:19","slug":"por-que-mi-perro-ladra-a-todo","status":"publish","type":"post","link":"https:\/\/ulisesyargos.es\/en\/por-que-mi-perro-ladra-a-todo\/","title":{"rendered":"\u00bfPor qu\u00e9 mi perro ladra a todo?"},"content":{"rendered":"<div data-elementor-type=\"wp-post\" data-elementor-id=\"12574\" class=\"elementor elementor-12574\" data-elementor-post-type=\"post\">\n\t\t\t\t\t\t<section class=\"wd-negative-gap elementor-section elementor-top-section elementor-element elementor-element-d186c8c elementor-section-boxed elementor-section-height-default elementor-section-height-default\" data-id=\"d186c8c\" data-element_type=\"section\">\n\t\t\t\t\t\t<div class=\"elementor-container elementor-column-gap-default\">\n\t\t\t\t\t<div class=\"elementor-column elementor-col-100 elementor-top-column elementor-element elementor-element-09016d8\" data-id=\"09016d8\" data-element_type=\"column\">\n\t\t\t<div class=\"elementor-widget-wrap elementor-element-populated\">\n\t\t\t\t\t\t<div class=\"elementor-element elementor-element-5ecd03f elementor-toc--minimized-on-none elementor-widget elementor-widget-table-of-contents\" data-id=\"5ecd03f\" data-element_type=\"widget\" data-settings=\"{&quot;headings_by_tags&quot;:[&quot;h1&quot;],&quot;exclude_headings_by_selector&quot;:[],&quot;minimized_on&quot;:&quot;none&quot;,&quot;marker_view&quot;:&quot;numbers&quot;,&quot;no_headings_message&quot;:&quot;No headings were found on this page.&quot;,&quot;minimize_box&quot;:&quot;yes&quot;,&quot;hierarchical_view&quot;:&quot;yes&quot;,&quot;min_height&quot;:{&quot;unit&quot;:&quot;px&quot;,&quot;size&quot;:&quot;&quot;,&quot;sizes&quot;:[]},&quot;min_height_tablet&quot;:{&quot;unit&quot;:&quot;px&quot;,&quot;size&quot;:&quot;&quot;,&quot;sizes&quot;:[]},&quot;min_height_mobile&quot;:{&quot;unit&quot;:&quot;px&quot;,&quot;size&quot;:&quot;&quot;,&quot;sizes&quot;:[]}}\" data-widget_type=\"table-of-contents.default\">\n\t\t\t\t<div class=\"elementor-widget-container\">\n\t\t\t\t\t\t\t\t\t<div class=\"elementor-toc__header\">\n\t\t\t\t\t\t<h4 class=\"elementor-toc__header-title\">\n\t\t\t\t\u00edndice\t\t\t<\/h4>\n\t\t\t\t\t\t\t\t\t\t<div class=\"elementor-toc__toggle-button elementor-toc__toggle-button--expand\" role=\"button\" tabindex=\"0\" aria-controls=\"elementor-toc__5ecd03f\" aria-expanded=\"true\" aria-label=\"Open table of contents\" data-no-translation-aria-label=\"\"><svg aria-hidden=\"true\" class=\"e-font-icon-svg e-fas-chevron-down\" viewbox=\"0 0 448 512\" xmlns=\"http:\/\/www.w3.org\/2000\/svg\"><path d=\"M207.029 381.476L12.686 187.132c-9.373-9.373-9.373-24.569 0-33.941l22.667-22.667c9.357-9.357 24.522-9.375 33.901-.04L224 284.505l154.745-154.021c9.379-9.335 24.544-9.317 33.901.04l22.667 22.667c9.373 9.373 9.373 24.569 0 33.941L240.971 381.476c-9.373 9.372-24.569 9.372-33.942 0z\"><\/path><\/svg><\/div>\n\t\t\t\t<div class=\"elementor-toc__toggle-button elementor-toc__toggle-button--collapse\" role=\"button\" tabindex=\"0\" aria-controls=\"elementor-toc__5ecd03f\" aria-expanded=\"true\" aria-label=\"Close table of contents\" data-no-translation-aria-label=\"\"><svg aria-hidden=\"true\" class=\"e-font-icon-svg e-fas-chevron-up\" viewbox=\"0 0 448 512\" xmlns=\"http:\/\/www.w3.org\/2000\/svg\"><path d=\"M240.971 130.524l194.343 194.343c9.373 9.373 9.373 24.569 0 33.941l-22.667 22.667c-9.357 9.357-24.522 9.375-33.901.04L224 227.495 69.255 381.516c-9.379 9.335-24.544 9.317-33.901-.04l-22.667-22.667c-9.373-9.373-9.373-24.569 0-33.941L207.03 130.525c9.372-9.373 24.568-9.373 33.941-.001z\"><\/path><\/svg><\/div>\n\t\t\t\t\t<\/div>\n\t\t\t\t<div id=\"elementor-toc__5ecd03f\" class=\"elementor-toc__body\">\n\t\t\t<div class=\"elementor-toc__spinner-container\">\n\t\t\t\t<svg class=\"elementor-toc__spinner eicon-animation-spin e-font-icon-svg e-eicon-loading\" aria-hidden=\"true\" viewbox=\"0 0 1000 1000\" xmlns=\"http:\/\/www.w3.org\/2000\/svg\"><path d=\"M500 975V858C696 858 858 696 858 500S696 142 500 142 142 304 142 500H25C25 237 238 25 500 25S975 237 975 500 763 975 500 975Z\"><\/path><\/svg>\t\t\t<\/div>\n\t\t<\/div>\n\t\t\t\t\t\t<\/div>\n\t\t\t\t<\/div>\n\t\t\t\t<div class=\"elementor-element elementor-element-9b99e06 color-scheme-inherit text-left elementor-widget elementor-widget-text-editor\" data-id=\"9b99e06\" data-element_type=\"widget\" data-widget_type=\"text-editor.default\">\n\t\t\t\t<div class=\"elementor-widget-container\">\n\t\t\t\t\t\t\t\t\t<h1><b>Mi perro le ladra a todo<\/b><\/h1><ul><li>\u00bfSientes que tu perro va en alerta durante el paseo?<span class=\"Apple-converted-space\">\u00a0<\/span><\/li><li>\u00bfAlguna vez has sentido que la gente os mira cuando ladra y salta de forma incontrolada?<\/li><li>\u00bfSal\u00eds a horas intempestivas o en las que sabes que no os encontrar\u00e9is con otras personas o perros?\u00a0<\/li><\/ul><p>Si has respondido afirmativamente a alguna de las preguntas anteriores, <strong>probablemente compartas tu vida con un perro con<\/strong> <strong>comportamientos reactivos.<\/strong> Pero cuidado, porque aunque esto puede convertirse en una situaci\u00f3n muy frustrante, no debe confundirse con un perro que sufre comportamientos agresivos, ya que estos no tienen por qu\u00e9 ir unidos.<span class=\"Apple-converted-space\">\u00a0<\/span><\/p><p><i>Que tu perro salte o ladre no quiere decir que vaya a atacar, ya que eso depender\u00e1 del individuo.<span class=\"Apple-converted-space\">\u00a0<\/span><\/i><\/p><p>Aunque las causas son muy variables,<strong> la ra\u00edz de esta situaci\u00f3n suele ser una incorrecta gesti\u00f3n del estr\u00e9s<\/strong>\u00a0por parte del animal lo que, en muchos casos, va acompa\u00f1ado de miedos que retroalimentan esos comportamientos nerviosos. Es decir, existe una carga gen\u00e9tica que provoca que tu perro vea el mundo de una forma determinada, pero otras causas como pueden ser el miedo, el manejo inadecuado de correa o los problemas de salud, podr\u00edan empeorar la situaci\u00f3n.<span class=\"Apple-converted-space\">\u00a0<\/span><\/p><p>En la mayor\u00eda de las ocasiones, cuando el perro ladra y salta, lo \u00fanico que intenta es alejar el est\u00edmulo que lo incomoda, pero cuando esto se junta con una impulsividad que ni \u00e9l mismo controla, tenemos una bomba de relojer\u00eda que se traduce en altos niveles de<strong> frustraci\u00f3n tanto para el perro como para su familia. <\/strong><\/p><p>El resultado, en muchas ocasiones, es que la propia desconfianza intrafamiliar hace que los paseos pierdan calidad, ya que se tiende a tensar y a reducir la largura de la correa y a fomentar el problema alertando al animal.<span class=\"Apple-converted-space\">\u00a0<\/span><\/p><h1><b>C\u00f3mo ayudar a mi perro a gestionar su estr\u00e9s<\/b><\/h1><p>Si est\u00e1s experimentando este tipo de situaciones, habr\u00e1s escuchado que uno de los platos fuertes es la reducci\u00f3n de estr\u00e9s, as\u00ed como ayudarle al perro a confiar en s\u00ed mismo \u00bfpero es esto posible?<strong> \u00bfc\u00f3mo le explico a mi perro que tiene que tranquilizarse y aumentar su autoestima?<span class=\"Apple-converted-space\">\u00a0<\/span><\/strong><\/p><p>Por suerte, desde que la educaci\u00f3n canina en positivo ha cogido fuerza, tenemos muchas herramientas a nuestra mano, aunque si estas se utilizan de forma inadecuada tambi\u00e9n pueden generar el efecto contrario.<\/p><p>Veamos a continuaci\u00f3n las m\u00e1s habituales:<\/p><ul><li>Juguetes rellenos de comida tipo Kong para estimular su mente<\/li><li><span style=\"text-decoration: underline;\"><a href=\"https:\/\/ulisesyargos.es\/en\/mordedores-naturales-para-perros\/\">Masticables naturales<\/a>\u00a0<span style=\"color: #808080; text-decoration: underline;\"><a style=\"color: #808080; text-decoration: underline;\" href=\"https:\/\/ulisesyargos.es\/en\/mordedores-naturales-para-perros\/\"><em>(click si quieres saber m\u00e1s)<\/em><\/a><\/span><\/span> que fomentan la masticaci\u00f3n para ayudarle a reducir el estr\u00e9s<\/li><li>Alfombras tipo Lickimat para fomentar el lamido y liberar endorfinas<\/li><li>Circuitos de olfato durante los paseos<\/li><li>Retos y circuitos de\u00a0<span style=\"text-decoration: underline;\"><a href=\"https:\/\/ulisesyargos.es\/en\/la-propiocepcion-en-perros\/\" target=\"_blank\" rel=\"noopener\">Propiocepci\u00f3n<\/a>\u00a0<span style=\"color: #808080;\"><a style=\"color: #808080;\" href=\"https:\/\/ulisesyargos.es\/en\/la-propiocepcion-en-perros\/\"><i>(click si quieres saber m\u00e1s)<\/i><\/a><\/span><\/span><\/li><\/ul><p><em>Pero&#8230; \u00bfqu\u00e9 pasa si a un perro que convive con una mezcla de comportamientos reactivos y agresivos con los alimentos le ofrecemos un juguete relleno de comida? \u00bfpodr\u00eda ocultarlo en cualquier lugar del hogar? \u00bfpodr\u00eda protegerlo y llegar a atacarnos sin que nos di\u00e9ramos cuenta? <\/em><\/p><p><em>\u00bfY si a un perro con una baja autoestima le planteamos retos o circuitos de propiocepci\u00f3n para los que no est\u00e1 preparado?\u00a0<\/em><\/p><p>Pero no nos alarmemos, aunque seleccionar las herramientas y decidir c\u00f3mo las utilizamos con nuestro compa\u00f1ero canino no es tarea f\u00e1cil, podremos <strong>iniciar el trabajo con propuestas m\u00e1s simples<\/strong> como son los circuitos de olfato o retos muy b\u00e1sicos de propiocepci\u00f3n \u00a1ya habr\u00e1 tiempo de desarrollarlos! lo importante es ir analizando y trabajando de forma progresiva y segura (ya sabes lo que dicen por ah\u00ed,\u00a0<em>las cosas de palacio, van despacio)<\/em>.<\/p><h1><b>C\u00f3mo confiar en mi perro si sufre comportamientos reactivos<\/b><\/h1><p>Si llevas semanas, o incluso meses, experimentando esta situaci\u00f3n, lo m\u00e1s probable es que hayas <strong>dejado de confiar en tu perro porque consideras que este es impredecible.<\/strong> De hecho, es probable que ya lo hayas etiquetado de impulsivo y pienses que siempre y en cualquier momento podr\u00eda actuar as\u00ed, lo que te har\u00e1 anticiparte de forma negativa a cualquier evento o situaci\u00f3n que se os presente.<span class=\"Apple-converted-space\">\u00a0<\/span><\/p><p>Esto har\u00e1, con total probabilidad, que vuestra relaci\u00f3n se debilite y <strong>que el v\u00ednculo comience a romperse.<\/strong> Por lo tanto, el perro sentir\u00e1 que cuando aparece ese est\u00edmulo que le saca de las casillas y le aterroriza, est\u00e1 solo y su seguridad pende de un hilo o, lo que es lo mismo, de una correa que va unida a una persona en la que no conf\u00eda y, por lo tanto, duda de que pueda protegerle.<span class=\"Apple-converted-space\">\u00a0<\/span><\/p><p><em><span class=\"Apple-converted-space\">Anticiparse para ayudar a nuestro perro es bueno, pero puede ser devastador si lo hacemos con miedo y de forma err\u00f3nea.<\/span><\/em><\/p><p>Dicho esto, <strong>analiza y fomenta vuestro v\u00ednculo, conf\u00eda de nuevo en tu perro y devu\u00e9lvele la confianza en ti.<\/strong> Tu perro necesita que le des una oportunidad y que le ense\u00f1es otra forma de gestionar esa situaci\u00f3n:<\/p><ul><li>\u00bfY si la pr\u00f3xima vez que aparezca el est\u00edmulo ganamos distancia y practicamos alguna habilidad?<\/li><li>\u00bfY si hacemos alg\u00fan ejercicio que le incite a la calma?<\/li><li>\u00bfSabemos cu\u00e1l es la distancia a la que nuestro perro se siente c\u00f3modo y confiado?<\/li><li>\u00bfSomos capaces de detectar en qu\u00e9 momento y frente a qu\u00e9 est\u00edmulos concretos se detona esa conducta?<span class=\"Apple-converted-space\">\u00a0<\/span><\/li><\/ul><p>En la mayor\u00eda de los casos, si tenemos el ojo bien entrenado y <strong>si conocemos las se\u00f1ales que emite nuestro animal cuando comienza a sentirse intranquilo, podremos anticiparnos de forma positiva a la situaci\u00f3n y crear una alternativa<\/strong> que nos permita ense\u00f1arle a gestionar esos momentos de una forma totalmente distinta y, todo sea dicho, tambi\u00e9n a descubrir c\u00f3mo gestionarlos nosotras mismas.<\/p><p>El cambio requiere de un esfuerzo por parte de nuestro perro, pero tambi\u00e9n conlleva un cambio en nosotras.<\/p><h1><b>Paseos de calidad y perros con comportamientos reactivos<\/b><\/h1><p>Un perro siempre necesita disfrutar de un paseo de calidad para mejorar el v\u00ednculo con su familia y para reducir el estr\u00e9s que haya podido acumular durante el d\u00eda, para estimular su olfato, relacionarse con otros compa\u00f1eros caninos\u2026 pero \u00bfqu\u00e9 pasa si no obtiene ninguno de esos resultados y encima va continuamente en alerta pensando que, en cualquier momento, aparecer\u00e1 un monstruo que os atacar\u00e1 durante el paseo?<span class=\"Apple-converted-space\">\u00a0<\/span><\/p><p><strong>Necesitamos crear paseos de calidad, utilizar material adecuado, aprender a relajarnos durante el paseo y a eliminar la idea de sacar al perro solamente tres veces al d\u00eda para hacer pis y llegar del punto A al punto B. <\/strong><\/p><p>Los perros son nuestros compa\u00f1eros de vida \u00bfpor qu\u00e9 no disfrutar de estos momentos?<span class=\"Apple-converted-space\">\u00a0<\/span><\/p><p>En el caso de perros con comportamientos reactivos, <strong>antes de comenzar a trabajar con los est\u00edmulos,<\/strong>\u00a0yo siempre recomiendo:<\/p><ul><li>Tomarnos entre una semana y dos de relax para pasear por zonas en las que no existe nada que pueda alterarlo<\/li><li>Aprender a manejar la correa<\/li><li>Potenciar el olfateo y las se\u00f1ales de comunicaci\u00f3n que emita nuestro compa\u00f1ero canino<\/li><li>Mejorar el v\u00ednculo<\/li><\/ul><p>Esto nos ayudar\u00e1 a reducir el estr\u00e9s y a crear comandos que luego nos resultar\u00e1n de utilidad cuando empecemos a realizar el trabajo de desensibilizaci\u00f3n y acercamiento al est\u00edmulo que provoca el comportamiento reactivo.<span class=\"Apple-converted-space\">\u00a0<\/span><\/p><p>Por \u00faltimo, <strong>reserva un d\u00eda a la semana para descubrir zonas nuevas que no conlleven un peligro para el equilibrio de tu compa\u00f1ero canino, <\/strong>eso le\u00a0ayudar\u00e1 a fomentar su seguridad.<\/p><p><strong>Entender, empatizar y ayudar a tu perro es m\u00e1s f\u00e1cil de lo que parece pero, adem\u00e1s, eso tambi\u00e9n significa ayudarte a ti.<span class=\"Apple-converted-space\">\u00a0<\/span><\/strong><\/p><p>Si quieres saber m\u00e1s, no te pierdas mi charla con Juan Revilla, de Juan Revilla Dog Training y con Mamen Mu\u00f1oz, de Bivet.<\/p>\t\t\t\t\t\t\t\t<\/div>\n\t\t\t\t<\/div>\n\t\t\t\t\t<\/div>\n\t\t<\/div>\n\t\t\t\t\t<\/div>\n\t\t<\/section>\n\t\t\t\t<section class=\"wd-negative-gap elementor-section elementor-top-section elementor-element elementor-element-95f5371 elementor-section-boxed elementor-section-height-default elementor-section-height-default\" data-id=\"95f5371\" data-element_type=\"section\">\n\t\t\t\t\t\t<div class=\"elementor-container elementor-column-gap-default\">\n\t\t\t\t\t<div class=\"elementor-column elementor-col-50 elementor-top-column elementor-element elementor-element-4e9c725\" data-id=\"4e9c725\" data-element_type=\"column\">\n\t\t\t<div class=\"elementor-widget-wrap elementor-element-populated\">\n\t\t\t\t\t\t<div class=\"elementor-element elementor-element-f20f10e elementor-widget elementor-widget-image\" data-id=\"f20f10e\" data-element_type=\"widget\" data-widget_type=\"image.default\">\n\t\t\t\t<div class=\"elementor-widget-container\">\n\t\t\t\t\t\t\t\t\t\t\t\t\t\t\t\t<a href=\"https:\/\/www.instagram.com\/tv\/CTAYu28IEai\/?utm_source=ig_web_copy_link\" target=\"_blank\" rel=\"noopener\">\n\t\t\t\t\t\t\t<img fetchpriority=\"high\" decoding=\"async\" width=\"335\" height=\"593\" src=\"https:\/\/ulisesyargos.es\/wp-content\/uploads\/2021\/08\/Captura-de-pantalla-2021-08-30-a-las-18.08.28.png\" class=\"attachment-large size-large wp-image-12577\" alt=\"perros reactivos\" srcset=\"https:\/\/ulisesyargos.es\/wp-content\/uploads\/2021\/08\/Captura-de-pantalla-2021-08-30-a-las-18.08.28.png 335w, https:\/\/ulisesyargos.es\/wp-content\/uploads\/2021\/08\/Captura-de-pantalla-2021-08-30-a-las-18.08.28-169x300.png 169w, https:\/\/ulisesyargos.es\/wp-content\/uploads\/2021\/08\/Captura-de-pantalla-2021-08-30-a-las-18.08.28-150x266.png 150w\" sizes=\"(max-width: 335px) 100vw, 335px\" \/>\t\t\t\t\t\t\t\t<\/a>\n\t\t\t\t\t\t\t\t\t\t\t\t\t\t\t<\/div>\n\t\t\t\t<\/div>\n\t\t\t\t\t<\/div>\n\t\t<\/div>\n\t\t\t\t<div class=\"elementor-column elementor-col-50 elementor-top-column elementor-element elementor-element-e93b5b9\" data-id=\"e93b5b9\" data-element_type=\"column\">\n\t\t\t<div class=\"elementor-widget-wrap elementor-element-populated\">\n\t\t\t\t\t\t<div class=\"elementor-element elementor-element-bbd4fc2 elementor-widget elementor-widget-image\" data-id=\"bbd4fc2\" data-element_type=\"widget\" data-widget_type=\"image.default\">\n\t\t\t\t<div class=\"elementor-widget-container\">\n\t\t\t\t\t\t\t\t\t\t\t\t\t\t\t\t<a href=\"https:\/\/www.instagram.com\/tv\/CTFWHLAIGZH\/?utm_source=ig_web_copy_link\" target=\"_blank\" rel=\"noopener\">\n\t\t\t\t\t\t\t<img decoding=\"async\" width=\"341\" height=\"597\" src=\"https:\/\/ulisesyargos.es\/wp-content\/uploads\/2021\/08\/Captura-de-pantalla-2021-08-30-a-las-18.07.44.png\" class=\"attachment-large size-large wp-image-12578\" alt=\"perros reactivos\" srcset=\"https:\/\/ulisesyargos.es\/wp-content\/uploads\/2021\/08\/Captura-de-pantalla-2021-08-30-a-las-18.07.44.png 341w, https:\/\/ulisesyargos.es\/wp-content\/uploads\/2021\/08\/Captura-de-pantalla-2021-08-30-a-las-18.07.44-171x300.png 171w, https:\/\/ulisesyargos.es\/wp-content\/uploads\/2021\/08\/Captura-de-pantalla-2021-08-30-a-las-18.07.44-150x263.png 150w\" sizes=\"(max-width: 341px) 100vw, 341px\" \/>\t\t\t\t\t\t\t\t<\/a>\n\t\t\t\t\t\t\t\t\t\t\t\t\t\t\t<\/div>\n\t\t\t\t<\/div>\n\t\t\t\t\t<\/div>\n\t\t<\/div>\n\t\t\t\t\t<\/div>\n\t\t<\/section>\n\t\t\t\t<section class=\"wd-negative-gap elementor-section elementor-top-section elementor-element elementor-element-44172a6 elementor-section-boxed elementor-section-height-default elementor-section-height-default\" data-id=\"44172a6\" data-element_type=\"section\">\n\t\t\t\t\t\t<div class=\"elementor-container elementor-column-gap-default\">\n\t\t\t\t\t<div class=\"elementor-column elementor-col-100 elementor-top-column elementor-element elementor-element-46103b8\" data-id=\"46103b8\" data-element_type=\"column\">\n\t\t\t<div class=\"elementor-widget-wrap elementor-element-populated\">\n\t\t\t\t\t\t<div class=\"elementor-element elementor-element-78aa263 color-scheme-inherit text-left elementor-widget elementor-widget-text-editor\" data-id=\"78aa263\" data-element_type=\"widget\" data-widget_type=\"text-editor.default\">\n\t\t\t\t<div class=\"elementor-widget-container\">\n\t\t\t\t\t\t\t\t\t<h2><span style=\"text-decoration: underline;\">Tres Uliconsejos antes de irte:\u00a0<\/span><\/h2><p><strong>1. Si quieres aprender a educar a tu perro con empat\u00eda<\/strong> para una convivencia feliz. Te presento mi libro, un m\u00e9todo exageradamente f\u00e1cil para seres humanos con poco tiempo y experiencia, pero rebosantes de amor peludo.<\/p><p><span style=\"text-decoration: underline;\"><span style=\"color: #ab8d60;\"><strong><a style=\"color: #ab8d60; text-decoration: underline;\" href=\"https:\/\/www.amazon.es\/Filosof\u00eda-vida-para-mundo-perro\/dp\/B09WQ55ZZ3\" target=\"_blank\" rel=\"noopener\">&gt;&gt; CONSIGUE TU COPIA AHORA<\/a><\/strong><\/span><\/span><\/p><p><strong>2. Si quieres ir al l\u00edo y compartir esta informaci\u00f3n<\/strong> con mujeres con el jersey lleno de pelos, s\u00edgueme en<span style=\"text-decoration: underline;\"><strong> <a href=\"https:\/\/www.instagram.com\/ulisesyargos\/?hl=es\" target=\"_blank\" rel=\"noopener\">instagram.\u00a0<\/a><\/strong><\/span><\/p><p><strong>3. Suscr\u00edbete a mi Newsletter, all\u00ed te cuento lo que no me atrevo a decir en las Redes.<\/strong> Tienes el formulario un poquito m\u00e1s abajo.<\/p><p>Ahora si, me despido hasta la pr\u00f3xima.<\/p><p>Un besote,<\/p><p>Noem\u00ed<\/p>\t\t\t\t\t\t\t\t<\/div>\n\t\t\t\t<\/div>\n\t\t\t\t\t<\/div>\n\t\t<\/div>\n\t\t\t\t\t<\/div>\n\t\t<\/section>\n\t\t\t\t<\/div>","protected":false},"excerpt":{"rendered":"<p>\u00edndice Mi perro le ladra a todo \u00bfSientes que tu perro va en alerta durante el paseo?\u00a0 \u00bfAlguna vez has<\/p>","protected":false},"author":3,"featured_media":12575,"comment_status":"closed","ping_status":"closed","sticky":false,"template":"","format":"standard","meta":{"_joinchat":[],"footnotes":""},"categories":[1],"tags":[120],"class_list":["post-12574","post","type-post","status-publish","format-standard","has-post-thumbnail","hentry","category-ulises-y-argos-blog","tag-educacion-canina"],"_links":{"self":[{"href":"https:\/\/ulisesyargos.es\/en\/wp-json\/wp\/v2\/posts\/12574","targetHints":{"allow":["GET"]}}],"collection":[{"href":"https:\/\/ulisesyargos.es\/en\/wp-json\/wp\/v2\/posts"}],"about":[{"href":"https:\/\/ulisesyargos.es\/en\/wp-json\/wp\/v2\/types\/post"}],"author":[{"embeddable":true,"href":"https:\/\/ulisesyargos.es\/en\/wp-json\/wp\/v2\/users\/3"}],"replies":[{"embeddable":true,"href":"https:\/\/ulisesyargos.es\/en\/wp-json\/wp\/v2\/comments?post=12574"}],"version-history":[{"count":33,"href":"https:\/\/ulisesyargos.es\/en\/wp-json\/wp\/v2\/posts\/12574\/revisions"}],"predecessor-version":[{"id":17757,"href":"https:\/\/ulisesyargos.es\/en\/wp-json\/wp\/v2\/posts\/12574\/revisions\/17757"}],"wp:featuredmedia":[{"embeddable":true,"href":"https:\/\/ulisesyargos.es\/en\/wp-json\/wp\/v2\/media\/12575"}],"wp:attachment":[{"href":"https:\/\/ulisesyargos.es\/en\/wp-json\/wp\/v2\/media?parent=12574"}],"wp:term":[{"taxonomy":"category","embeddable":true,"href":"https:\/\/ulisesyargos.es\/en\/wp-json\/wp\/v2\/categories?post=12574"},{"taxonomy":"post_tag","embeddable":true,"href":"https:\/\/ulisesyargos.es\/en\/wp-json\/wp\/v2\/tags?post=12574"}],"curies":[{"name":"wp","href":"https:\/\/api.w.org\/{rel}","templated":true}]}}