{"id":9789,"date":"2020-10-13T08:02:00","date_gmt":"2020-10-13T08:02:00","guid":{"rendered":"https:\/\/ulisesyargos.marketingguay.es\/?p=9789"},"modified":"2024-05-25T19:03:55","modified_gmt":"2024-05-25T17:03:55","slug":"perros-resilientes","status":"publish","type":"post","link":"https:\/\/ulisesyargos.es\/en\/perros-resilientes\/","title":{"rendered":"Tu Perro NO Es Reactivo, Es Resiliente"},"content":{"rendered":"<div data-elementor-type=\"wp-post\" data-elementor-id=\"9789\" class=\"elementor elementor-9789\" data-elementor-post-type=\"post\">\n\t\t\t\t\t\t<section class=\"wd-negative-gap elementor-section elementor-top-section elementor-element elementor-element-d10ed3f elementor-section-boxed elementor-section-height-default elementor-section-height-default\" data-id=\"d10ed3f\" data-element_type=\"section\">\n\t\t\t\t\t\t<div class=\"elementor-container elementor-column-gap-default\">\n\t\t\t\t\t<div class=\"elementor-column elementor-col-100 elementor-top-column elementor-element elementor-element-22f278c\" data-id=\"22f278c\" data-element_type=\"column\">\n\t\t\t<div class=\"elementor-widget-wrap elementor-element-populated\">\n\t\t\t\t\t\t<div class=\"elementor-element elementor-element-d78fba4 color-scheme-inherit text-left elementor-widget elementor-widget-text-editor\" data-id=\"d78fba4\" data-element_type=\"widget\" data-widget_type=\"text-editor.default\">\n\t\t\t\t<div class=\"elementor-widget-container\">\n\t\t\t\t\t\t\t\t\t<p><strong>Hoy, mientras caminaba con mi compa\u00f1era canina Alma, estaba divagando sobre esta idea y me ha apetecido compartirla contigo.<\/strong><\/p><p>Si el ser humano tiene una faceta despreciable es la de etiquetar y encasillar a otros cong\u00e9neres o seres vivos. Tu perro \u00abes agresivo\u00bb, tu perro es \u00abreactivo\u00bb, tu perro es \u00abdesobediente\u00bb&#8230; sin embargo, pocas veces se dan cuenta de lo siguiente:<\/p><ul><li>El perro no es agresivo, sino que emite comportamientos agresivos frente a determinadas situaciones.<\/li><li>Tampoco es reactivo, sino que responde de una forma determinada frente a algunos est\u00edmulos.<\/li><li>Y, por supuesto, no es desobediente, sino que quiz\u00e1s existe un problema de v\u00ednculo o de comunicaci\u00f3n entre ambas especies.\u00a0<\/li><\/ul><p><strong>Es decir, ninguna de las\u00a0situaciones anteriores es inherente al animal y todas ellas pueden solucionarse; por lo tanto, es err\u00f3neo colocar\u00a0una etiqueta a algo que, por definici\u00f3n, es inexacto.\u00a0<\/strong><\/p><p>Sin embargo, pocas veces se tiende a etiquetar a nuestros compa\u00f1eros caninos con cualidades positivas como la inteligencia o la capacidad de adaptaci\u00f3n a nuestro entorno (salvo que sea para especificar alguna connotaci\u00f3n negativa, claro.<\/p><p><em>Por ejemplo \u00ab\u00a1Mira si es listo que cuando lo ri\u00f1o desaparece!\u00bb Bueno&#8230; la inteligencia de los perros va m\u00e1s all\u00e1 de todo eso). <\/em><\/p><p><strong>Los perros nos han seguido durante miles de a\u00f1os, lo que los ha llevado a sufrir una vida artificial que para nada se parece al medio del que proceden y, a\u00fan as\u00ed, se adaptan&#8230;<\/strong> a 9 horas de soledad en el hogar mientras su familia trabaja, a pasear atados a una correa que no les deja tener una libertad plena, a hacer sus necesidades cuando su humano considera oportuno, a comer unas bolitas secas denominadas pienso o incluso a pasar por cirug\u00edas que, si se plantearan desde el punto de vista de las personas, ir\u00edan en contra de los derechos humanos&#8230; y a\u00fan as\u00ed, siguen felices a nuestro lado.\u00a0<\/p><p><strong>Durante toda su vida los perros experimentan miedo, estr\u00e9s, situaciones desafiantes y, en el peor de los casos, incluso maltrato y abandono;<\/strong> los exponemos a situaciones para las que no est\u00e1n preparados, ignoramos su comunicaci\u00f3n, sus niveles de estr\u00e9s, aquellos est\u00edmulos que los atemorizan y les obligamos a relacionarse con personas o animales que no son de su agrado; sin embargo,\u00a0incluso cuando se rompen, se dejan ayudar con mayor facilidad que el ser humano.<\/p><p><strong>As\u00ed que cr\u00e9eme cuando te digo que los perros no son agresivos, ni reactivos, ni tampoco desobedientes&#8230;<\/strong> y si\u00a0alguien\u00a0etiqueta a tu perro con alguna cualidad negativa, no dudes en contestarle:\u00a0<\/p><p><strong>Mi perro no es agresivo, mi perro, es resiliente.\u00a0<\/strong><\/p><p><em>[Resiliencia: capacidad para adaptarse con resultados positivos frente a un est\u00edmulo perturbador, un estado o situaci\u00f3n adversa]<\/em><\/p><h2><span style=\"text-decoration: underline;\">Tres Uliconsejos antes de irte:\u00a0<\/span><\/h2><p><strong>1. Si quieres aprender a educar a tu perro con empat\u00eda<\/strong> para una convivencia feliz. Te presento mi libro, un m\u00e9todo exageradamente f\u00e1cil para seres humanos con poco tiempo y experiencia, pero rebosantes de amor peludo.<\/p><p><span style=\"text-decoration: underline;\"><span style=\"color: #ab8d60;\"><strong><a style=\"color: #ab8d60; text-decoration: underline;\" href=\"https:\/\/www.amazon.es\/Filosof\u00eda-vida-para-mundo-perro\/dp\/B09WQ55ZZ3\" target=\"_blank\" rel=\"noopener\">&gt;&gt; CONSIGUE TU COPIA AHORA<\/a><\/strong><\/span><\/span><\/p><p><strong>2. Si quieres ir al l\u00edo y compartir esta informaci\u00f3n<\/strong> con mujeres con el jersey lleno de pelos, s\u00edgueme en<span style=\"text-decoration: underline;\"><strong> <a href=\"https:\/\/www.instagram.com\/ulisesyargos\/?hl=es\" target=\"_blank\" rel=\"noopener\">instagram.\u00a0<\/a><\/strong><\/span><\/p><p><strong>3. Suscr\u00edbete a mi Newsletter, all\u00ed te cuento lo que no me atrevo a decir en las Redes.<\/strong> Tienes el formulario un poquito m\u00e1s abajo.<\/p><p>Ahora si, me despido hasta la pr\u00f3xima.<\/p><p>Un besote,<\/p><p>Noem\u00ed<\/p>\t\t\t\t\t\t\t\t<\/div>\n\t\t\t\t<\/div>\n\t\t\t\t\t<\/div>\n\t\t<\/div>\n\t\t\t\t\t<\/div>\n\t\t<\/section>\n\t\t\t\t<\/div>","protected":false},"excerpt":{"rendered":"<p>Hoy, mientras caminaba con mi compa\u00f1era canina Alma, estaba divagando sobre esta idea y me ha apetecido compartirla contigo. Si<\/p>","protected":false},"author":3,"featured_media":9790,"comment_status":"closed","ping_status":"open","sticky":false,"template":"","format":"standard","meta":{"_joinchat":[],"footnotes":""},"categories":[1],"tags":[120],"class_list":["post-9789","post","type-post","status-publish","format-standard","has-post-thumbnail","hentry","category-ulises-y-argos-blog","tag-educacion-canina"],"_links":{"self":[{"href":"https:\/\/ulisesyargos.es\/en\/wp-json\/wp\/v2\/posts\/9789","targetHints":{"allow":["GET"]}}],"collection":[{"href":"https:\/\/ulisesyargos.es\/en\/wp-json\/wp\/v2\/posts"}],"about":[{"href":"https:\/\/ulisesyargos.es\/en\/wp-json\/wp\/v2\/types\/post"}],"author":[{"embeddable":true,"href":"https:\/\/ulisesyargos.es\/en\/wp-json\/wp\/v2\/users\/3"}],"replies":[{"embeddable":true,"href":"https:\/\/ulisesyargos.es\/en\/wp-json\/wp\/v2\/comments?post=9789"}],"version-history":[{"count":12,"href":"https:\/\/ulisesyargos.es\/en\/wp-json\/wp\/v2\/posts\/9789\/revisions"}],"predecessor-version":[{"id":18268,"href":"https:\/\/ulisesyargos.es\/en\/wp-json\/wp\/v2\/posts\/9789\/revisions\/18268"}],"wp:featuredmedia":[{"embeddable":true,"href":"https:\/\/ulisesyargos.es\/en\/wp-json\/wp\/v2\/media\/9790"}],"wp:attachment":[{"href":"https:\/\/ulisesyargos.es\/en\/wp-json\/wp\/v2\/media?parent=9789"}],"wp:term":[{"taxonomy":"category","embeddable":true,"href":"https:\/\/ulisesyargos.es\/en\/wp-json\/wp\/v2\/categories?post=9789"},{"taxonomy":"post_tag","embeddable":true,"href":"https:\/\/ulisesyargos.es\/en\/wp-json\/wp\/v2\/tags?post=9789"}],"curies":[{"name":"wp","href":"https:\/\/api.w.org\/{rel}","templated":true}]}}